{"id":5848,"date":"2024-09-15T10:01:21","date_gmt":"2024-09-15T16:01:21","guid":{"rendered":"https:\/\/www.clea.blog\/?p=5848"},"modified":"2024-09-17T15:43:48","modified_gmt":"2024-09-17T21:43:48","slug":"cultura-laboral-en-la-sedena-un-balance-entre-disciplina-y-bienestar","status":"publish","type":"post","link":"https:\/\/www.clea.blog\/?p=5848","title":{"rendered":"Cultura laboral en la SEDENA: un balance entre disciplina y bienestar"},"content":{"rendered":"\n<p class=\"has-text-align-center\"><strong>Cultura laboral en la SEDENA: un balance entre disciplina y bienestar<\/strong><\/p>\n\n\n\n<p class=\"has-text-align-right\">Autor: Mtro. Juan Carlos Casta\u00f1eda T\u00e9llez<\/p>\n\n\n\n<p class=\"has-text-align-right\">email:&nbsp;&nbsp;carlosctellez2@gmail.com&nbsp;<\/p>\n\n\n\n<p class=\"has-text-align-center\">\u201cExplorando los valores, desaf\u00edos y oportunidades de una instituci\u00f3n clave para M\u00e9xico\u201d<\/p>\n\n\n\n<p><strong>&nbsp;Introducci\u00f3n&nbsp;<\/strong><\/p>\n\n\n\n<p>La&nbsp;&nbsp;cultura&nbsp;&nbsp;laboral&nbsp;&nbsp;en&nbsp;&nbsp;cualquier&nbsp;&nbsp;instituci\u00f3n&nbsp;&nbsp;es&nbsp;&nbsp;fundamental&nbsp;&nbsp;para&nbsp;&nbsp;el&nbsp;&nbsp;buen&nbsp;&nbsp;funcionamiento&nbsp;&nbsp;y&nbsp;&nbsp;la&nbsp;&nbsp;cohesi\u00f3n&nbsp;&nbsp;entre&nbsp;&nbsp;sus&nbsp;&nbsp;miembros.&nbsp;&nbsp;En&nbsp;&nbsp;el&nbsp;&nbsp;caso&nbsp;&nbsp;de&nbsp;&nbsp;la&nbsp;&nbsp;SECRETAR\u00cdA&nbsp;&nbsp;DE&nbsp;&nbsp;LA&nbsp;&nbsp;DEFENSA&nbsp;&nbsp;NACIONAL, esta cultura se enmarca en un contexto especial.&nbsp;<\/p>\n\n\n\n<p>La&nbsp;&nbsp;SEDENA&nbsp;&nbsp;desempe\u00f1a&nbsp;&nbsp;un&nbsp;&nbsp;papel&nbsp;&nbsp;trascendental&nbsp;&nbsp;en&nbsp;&nbsp;la&nbsp;&nbsp;vida&nbsp;&nbsp;de&nbsp;&nbsp;nuestra&nbsp;&nbsp;naci\u00f3n.&nbsp;&nbsp;A&nbsp;&nbsp;trav\u00e9s&nbsp;&nbsp;de&nbsp;&nbsp;sus&nbsp;funciones&nbsp;&nbsp;y&nbsp;&nbsp;responsabilidades,&nbsp;&nbsp;contribuye&nbsp;&nbsp;a&nbsp;&nbsp;la&nbsp;&nbsp;seguridad,&nbsp;&nbsp;la&nbsp;&nbsp;estabilidad&nbsp;&nbsp;y&nbsp;&nbsp;el&nbsp;&nbsp;bienestar de los mexicanos. Aqu\u00ed est\u00e1n algunos aspectos clave:&nbsp;<\/p>\n\n\n\n<p>1.&nbsp;&nbsp;&nbsp;&nbsp;&nbsp;&nbsp;&nbsp;&nbsp;Defensa de la integridad territorial:&nbsp;<\/p>\n\n\n\n<ul class=\"wp-block-list\">\n<li>Es\u00a0\u00a0la\u00a0\u00a0encargada\u00a0\u00a0de\u00a0\u00a0proteger\u00a0\u00a0nuestras\u00a0\u00a0fronteras\u00a0\u00a0y\u00a0\u00a0salvaguardar\u00a0\u00a0la\u00a0\u00a0integridad\u00a0\u00a0territorial\u00a0\u00a0de\u00a0\u00a0M\u00e9xico.\u00a0\u00a0Esto\u00a0\u00a0va\u00a0\u00a0m\u00e1s\u00a0\u00a0all\u00e1\u00a0\u00a0de\u00a0\u00a0las\u00a0\u00a0l\u00edneas\u00a0\u00a0en\u00a0\u00a0un\u00a0\u00a0mapa;\u00a0\u00a0representa\u00a0\u00a0nuestra\u00a0\u00a0soberan\u00eda\u00a0\u00a0y\u00a0\u00a0autonom\u00eda\u00a0\u00a0como\u00a0\u00a0naci\u00f3n.\u00a0\u00a0Sin\u00a0\u00a0una\u00a0\u00a0defensa\u00a0\u00a0s\u00f3lida,\u00a0\u00a0estar\u00edamos\u00a0\u00a0expuestos\u00a0\u00a0a\u00a0\u00a0amenazas\u00a0\u00a0externas\u00a0\u00a0que\u00a0\u00a0podr\u00edan\u00a0\u00a0afectar\u00a0\u00a0nuestra\u00a0\u00a0identidad\u00a0\u00a0y\u00a0\u00a0nuestra\u00a0\u00a0capacidad para tomar decisiones como pa\u00eds.\u00a0<\/li>\n<\/ul>\n\n\n\n<p>2.&nbsp;&nbsp;&nbsp;&nbsp;&nbsp;&nbsp;&nbsp;&nbsp;Seguridad interior y lucha contra el crimen:&nbsp;<\/p>\n\n\n\n<ul class=\"wp-block-list\">\n<li>En\u00a0\u00a0un\u00a0\u00a0contexto\u00a0\u00a0interno,\u00a0\u00a0colabora\u00a0\u00a0con\u00a0\u00a0otras\u00a0\u00a0instituciones\u00a0\u00a0para\u00a0\u00a0enfrentar\u00a0\u00a0desaf\u00edos\u00a0\u00a0como\u00a0\u00a0el\u00a0\u00a0crimen\u00a0organizado,\u00a0\u00a0el\u00a0\u00a0narcotr\u00e1fico\u00a0\u00a0y\u00a0\u00a0la\u00a0\u00a0violencia.\u00a0\u00a0Su\u00a0\u00a0presencia\u00a0\u00a0en\u00a0\u00a0\u00e1reas\u00a0\u00a0urbanas\u00a0\u00a0y\u00a0\u00a0rurales\u00a0\u00a0es\u00a0\u00a0esencial\u00a0para\u00a0\u00a0mantener\u00a0\u00a0la\u00a0\u00a0paz\u00a0\u00a0y\u00a0\u00a0la\u00a0\u00a0tranquilidad\u00a0\u00a0en\u00a0\u00a0todo\u00a0\u00a0el\u00a0\u00a0territorio mexicano.\u00a0<\/li>\n\n\n\n<li>Adem\u00e1s,\u00a0\u00a0su\u00a0\u00a0labor\u00a0\u00a0en\u00a0\u00a0la\u00a0\u00a0lucha\u00a0\u00a0contra\u00a0\u00a0el\u00a0\u00a0tr\u00e1fico\u00a0\u00a0de\u00a0\u00a0drogas\u00a0\u00a0y\u00a0\u00a0la\u00a0\u00a0delincuencia\u00a0\u00a0contribuye directamente a la seguridad de los ciudadanos.\u00a0<\/li>\n<\/ul>\n\n\n\n<p>3.&nbsp;&nbsp;&nbsp;&nbsp;&nbsp;&nbsp;&nbsp;&nbsp;Auxilio en situaciones de emergencia:&nbsp;<\/p>\n\n\n\n<ul class=\"wp-block-list\">\n<li>Es\u00a0\u00a0un\u00a0\u00a0pilar\u00a0\u00a0fundamental\u00a0\u00a0en\u00a0\u00a0la\u00a0\u00a0respuesta\u00a0\u00a0a\u00a0\u00a0desastres\u00a0\u00a0naturales\u00a0\u00a0y\u00a0\u00a0emergencias.\u00a0\u00a0Desde\u00a0terremotos\u00a0\u00a0hasta\u00a0\u00a0inundaciones,\u00a0\u00a0su\u00a0\u00a0capacidad\u00a0\u00a0log\u00edstica\u00a0\u00a0y\u00a0\u00a0operativa\u00a0\u00a0permite\u00a0\u00a0brindar\u00a0\u00a0ayuda\u00a0\u00a0r\u00e1pida\u00a0y\u00a0\u00a0efectiva\u00a0\u00a0a\u00a0\u00a0la\u00a0\u00a0poblaci\u00f3n\u00a0\u00a0civil.\u00a0\u00a0Rescates,\u00a0\u00a0distribuci\u00f3n\u00a0\u00a0de\u00a0\u00a0v\u00edveres, atenci\u00f3n m\u00e9dica: todo esto forma parte de su misi\u00f3n humanitaria.<\/li>\n\n\n\n<li>En\u00a0\u00a0momentos\u00a0\u00a0cr\u00edticos,\u00a0\u00a0se\u00a0\u00a0convierte\u00a0\u00a0en\u00a0\u00a0un\u00a0\u00a0apoyo\u00a0\u00a0vital\u00a0\u00a0para\u00a0\u00a0quienes\u00a0\u00a0enfrentan\u00a0\u00a0situaciones de peligro o necesidad.\u00a0<\/li>\n<\/ul>\n\n\n\n<p>4.&nbsp;&nbsp;&nbsp;&nbsp;&nbsp;&nbsp;&nbsp;&nbsp;Acciones c\u00edvicas y desarrollo social:&nbsp;<\/p>\n\n\n\n<ul class=\"wp-block-list\">\n<li>No\u00a0\u00a0solo\u00a0\u00a0se\u00a0\u00a0limita\u00a0\u00a0al\u00a0\u00a0\u00e1mbito\u00a0\u00a0militar.\u00a0\u00a0Tambi\u00e9n\u00a0\u00a0realiza\u00a0\u00a0acciones\u00a0\u00a0c\u00edvicas\u00a0\u00a0y\u00a0\u00a0obras\u00a0\u00a0sociales.\u00a0\u00a0Estas\u00a0\u00a0pueden\u00a0\u00a0incluir\u00a0\u00a0construcci\u00f3n\u00a0\u00a0de\u00a0\u00a0infraestructura,\u00a0\u00a0programas\u00a0\u00a0educativos y proyectos comunitarios.\u00a0<\/li>\n\n\n\n<li>Su\u00a0\u00a0compromiso\u00a0\u00a0con\u00a0\u00a0el\u00a0\u00a0desarrollo\u00a0\u00a0nacional\u00a0\u00a0y\u00a0\u00a0el\u00a0\u00a0bienestar\u00a0\u00a0de\u00a0\u00a0la\u00a0\u00a0sociedad\u00a0\u00a0se\u00a0\u00a0refleja\u00a0\u00a0en\u00a0\u00a0estas\u00a0\u00a0iniciativas.\u00a0\u00a0Desde\u00a0\u00a0la\u00a0\u00a0construcci\u00f3n\u00a0\u00a0de\u00a0\u00a0escuelas\u00a0\u00a0hasta\u00a0\u00a0la\u00a0\u00a0promoci\u00f3n\u00a0\u00a0de\u00a0\u00a0valores c\u00edvicos, trabajan para fortalecer el tejido social.\u00a0<\/li>\n<\/ul>\n\n\n\n<p>Esta&nbsp;&nbsp;dependencia&nbsp;&nbsp;de&nbsp;&nbsp;la&nbsp;&nbsp;Administraci\u00f3n&nbsp;&nbsp;P\u00fablica&nbsp;&nbsp;Federal&nbsp;&nbsp;es&nbsp;&nbsp;m\u00e1s&nbsp;&nbsp;que&nbsp;&nbsp;una&nbsp;&nbsp;instituci\u00f3n&nbsp;&nbsp;militar;&nbsp;&nbsp;es&nbsp;&nbsp;un&nbsp;&nbsp;s\u00edmbolo&nbsp;&nbsp;de&nbsp;&nbsp;protecci\u00f3n,&nbsp;&nbsp;servicio&nbsp;&nbsp;y&nbsp;&nbsp;solidaridad.&nbsp;&nbsp;Su&nbsp;&nbsp;labor&nbsp;&nbsp;incide&nbsp;&nbsp;en&nbsp;&nbsp;la&nbsp;&nbsp;vida&nbsp;&nbsp;cotidiana&nbsp;&nbsp;de&nbsp;&nbsp;todos&nbsp;&nbsp;los&nbsp;mexicanos,&nbsp;&nbsp;y&nbsp;&nbsp;su&nbsp;&nbsp;importancia&nbsp;&nbsp;trasciende&nbsp;&nbsp;las&nbsp;&nbsp;barreras&nbsp;&nbsp;de&nbsp;&nbsp;lo&nbsp;&nbsp;meramente&nbsp;&nbsp;militar;&nbsp;&nbsp;desempe\u00f1a&nbsp;&nbsp;un&nbsp;&nbsp;papel&nbsp;&nbsp;multifac\u00e9tico&nbsp;&nbsp;y&nbsp;&nbsp;estrat\u00e9gico&nbsp;&nbsp;en&nbsp;&nbsp;el&nbsp;&nbsp;pa\u00eds,&nbsp;&nbsp;su&nbsp;&nbsp;estructura&nbsp;&nbsp;y&nbsp;&nbsp;cadena&nbsp;&nbsp;de&nbsp;&nbsp;mando&nbsp;&nbsp;permiten&nbsp;&nbsp;la&nbsp;&nbsp;aplicaci\u00f3n&nbsp;&nbsp;de&nbsp;&nbsp;la&nbsp;&nbsp;disciplina&nbsp;&nbsp;y&nbsp;&nbsp;el&nbsp;&nbsp;cumplimiento&nbsp;&nbsp;de&nbsp;&nbsp;misiones&nbsp;&nbsp;asignadas.&nbsp;&nbsp;Adem\u00e1s,&nbsp;&nbsp;se&nbsp;&nbsp;ha&nbsp;&nbsp;enfocado&nbsp;&nbsp;en&nbsp;&nbsp;fortalecer&nbsp;&nbsp;una&nbsp;cultura&nbsp;&nbsp;de&nbsp;&nbsp;respeto&nbsp;&nbsp;a&nbsp;&nbsp;las&nbsp;&nbsp;garant\u00edas&nbsp;&nbsp;individuales&nbsp;&nbsp;y&nbsp;&nbsp;los&nbsp;&nbsp;derechos&nbsp;&nbsp;humanos&nbsp;&nbsp;entre&nbsp;&nbsp;su&nbsp;&nbsp;personal,&nbsp;&nbsp;impactando&nbsp;&nbsp;en&nbsp;&nbsp;el&nbsp;&nbsp;bienestar&nbsp;&nbsp;de&nbsp;&nbsp;las&nbsp;&nbsp;familias. Esto&nbsp;&nbsp;es&nbsp;&nbsp;fundamental&nbsp;&nbsp;para&nbsp;&nbsp;mantener&nbsp;&nbsp;la&nbsp;&nbsp;cohesi\u00f3n,&nbsp;&nbsp;la&nbsp;&nbsp;moral&nbsp;&nbsp;y&nbsp;&nbsp;la&nbsp;&nbsp;eficacia&nbsp;&nbsp;operativa&nbsp;&nbsp;de&nbsp;&nbsp;las&nbsp;&nbsp;Fuerzas&nbsp;&nbsp;Armadas,&nbsp;&nbsp;contribuyendo&nbsp;&nbsp;as\u00ed&nbsp;&nbsp;a&nbsp;&nbsp;la&nbsp;&nbsp;paz&nbsp;&nbsp;y&nbsp;&nbsp;seguridad&nbsp;&nbsp;en&nbsp;&nbsp;M\u00e9xico.&nbsp;<\/p>\n\n\n\n<p><strong>&nbsp;Desarrollo&nbsp;<\/strong><\/p>\n\n\n\n<p>A.&nbsp;&nbsp;&nbsp;&nbsp;&nbsp;&nbsp;&nbsp;&nbsp;Antecedentes hist\u00f3ricos:&nbsp;<\/p>\n\n\n\n<p>La&nbsp;&nbsp;Secretar\u00eda&nbsp;&nbsp;de&nbsp;&nbsp;la&nbsp;&nbsp;Defensa&nbsp;&nbsp;Nacional&nbsp;&nbsp;tiene&nbsp;&nbsp;una&nbsp;&nbsp;rica&nbsp;&nbsp;historia&nbsp;&nbsp;que&nbsp;&nbsp;ha&nbsp;&nbsp;influido&nbsp;&nbsp;significativamente&nbsp;&nbsp;en&nbsp;&nbsp;su&nbsp;cultura&nbsp;&nbsp;laboral.&nbsp;&nbsp;Fundada oficialmente&nbsp;&nbsp;en&nbsp;&nbsp;1937,&nbsp;&nbsp;cuando&nbsp;&nbsp;se&nbsp;&nbsp;cambi\u00f3&nbsp;&nbsp;la&nbsp;&nbsp;denominaci\u00f3n&nbsp;&nbsp;de&nbsp;&nbsp;la&nbsp;&nbsp;Secretar\u00eda&nbsp;de&nbsp;&nbsp;Guerra&nbsp;&nbsp;y&nbsp;&nbsp;Marina&nbsp;&nbsp;a&nbsp;&nbsp;la&nbsp;&nbsp;de&nbsp;&nbsp;Defensa&nbsp;&nbsp;Nacional,&nbsp;&nbsp;ha&nbsp;&nbsp;evolucionado&nbsp;&nbsp;para&nbsp;&nbsp;adaptarse&nbsp;&nbsp;a&nbsp;&nbsp;las&nbsp;&nbsp;necesidades&nbsp;&nbsp;cambiantes&nbsp;&nbsp;del&nbsp;&nbsp;pa\u00eds.&nbsp;&nbsp;Durante&nbsp;&nbsp;la&nbsp;&nbsp;Segunda&nbsp;&nbsp;Guerra&nbsp;&nbsp;Mundial,&nbsp;&nbsp;se&nbsp;&nbsp;implement\u00f3&nbsp;&nbsp;el&nbsp;&nbsp;Servicio&nbsp;&nbsp;Militar&nbsp;&nbsp;Nacional&nbsp;para&nbsp;&nbsp;fortalecer&nbsp;&nbsp;las&nbsp;&nbsp;fuerzas&nbsp;&nbsp;armadas.&nbsp;&nbsp;A&nbsp;&nbsp;lo&nbsp;&nbsp;largo&nbsp;&nbsp;de&nbsp;&nbsp;los&nbsp;&nbsp;a\u00f1os,&nbsp;&nbsp;ha&nbsp;&nbsp;desarrollado&nbsp;&nbsp;programas&nbsp;&nbsp;como&nbsp;&nbsp;el&nbsp;&nbsp;Plan&nbsp;&nbsp;DN-III-E, que ha sido fundamental en la respuesta a desastres naturales.<\/p>\n\n\n\n<p>Esta&nbsp;&nbsp;evoluci\u00f3n&nbsp;&nbsp;ha&nbsp;&nbsp;moldeado&nbsp;&nbsp;una&nbsp;&nbsp;cultura&nbsp;&nbsp;laboral&nbsp;&nbsp;fundamentada&nbsp;&nbsp;en&nbsp;&nbsp;la&nbsp;&nbsp;disciplina,&nbsp;&nbsp;el&nbsp;&nbsp;compromiso&nbsp;&nbsp;y&nbsp;&nbsp;la&nbsp;&nbsp;adaptabilidad.&nbsp;&nbsp;La&nbsp;&nbsp;necesidad&nbsp;&nbsp;de&nbsp;&nbsp;responder&nbsp;&nbsp;a&nbsp;&nbsp;emergencias&nbsp;&nbsp;y&nbsp;&nbsp;la&nbsp;&nbsp;constante&nbsp;&nbsp;modernizaci\u00f3n&nbsp;&nbsp;de&nbsp;&nbsp;sus&nbsp;&nbsp;estrategias&nbsp;&nbsp;han&nbsp;&nbsp;fomentado&nbsp;&nbsp;un&nbsp;&nbsp;entorno&nbsp;&nbsp;de&nbsp;&nbsp;trabajo&nbsp;&nbsp;que&nbsp;&nbsp;valora&nbsp;&nbsp;la&nbsp;&nbsp;eficiencia&nbsp;&nbsp;y&nbsp;&nbsp;la&nbsp;&nbsp;preparaci\u00f3n&nbsp;&nbsp;continua.&nbsp;&nbsp;Adem\u00e1s,&nbsp;&nbsp;la&nbsp;&nbsp;implementaci\u00f3n&nbsp;&nbsp;de&nbsp;&nbsp;pol\u00edticas&nbsp;&nbsp;de&nbsp;&nbsp;igualdad&nbsp;&nbsp;y&nbsp;&nbsp;bienestar&nbsp;&nbsp;ha&nbsp;&nbsp;sido&nbsp;&nbsp;crucial&nbsp;&nbsp;para&nbsp;&nbsp;mantener&nbsp;&nbsp;la&nbsp;&nbsp;moral&nbsp;&nbsp;y&nbsp;&nbsp;el&nbsp;&nbsp;bienestar&nbsp;&nbsp;del&nbsp;&nbsp;personal.&nbsp;&nbsp;Analizar&nbsp;&nbsp;la&nbsp;&nbsp;cultura&nbsp;&nbsp;laboral&nbsp;&nbsp;de&nbsp;&nbsp;la&nbsp;&nbsp;Secretar\u00eda&nbsp;&nbsp;de&nbsp;&nbsp;la&nbsp;&nbsp;Defensa&nbsp;&nbsp;Nacional&nbsp;&nbsp;es&nbsp;&nbsp;relevante&nbsp;&nbsp;por&nbsp;&nbsp;varias&nbsp;&nbsp;razones:&nbsp;<\/p>\n\n\n\n<ol class=\"wp-block-list\">\n<li>Promoci\u00f3n\u00a0\u00a0de\u00a0\u00a0la\u00a0\u00a0igualdad\u00a0\u00a0y\u00a0\u00a0respeto:\u00a0\u00a0Busca\u00a0\u00a0fortalecer\u00a0\u00a0una\u00a0\u00a0cultura\u00a0\u00a0de\u00a0\u00a0respeto\u00a0\u00a0e\u00a0\u00a0igualdad\u00a0\u00a0entre\u00a0\u00a0mujeres\u00a0\u00a0y\u00a0\u00a0hombres\u00a0\u00a0en\u00a0\u00a0su\u00a0\u00a0\u00e1mbito\u00a0\u00a0laboral.\u00a0\u00a0Esto\u00a0\u00a0implica\u00a0\u00a0evitar\u00a0\u00a0actitudes\u00a0\u00a0discriminatorias\u00a0\u00a0o\u00a0\u00a0excluyentes. Por\u00a0\u00a0ejemplo,\u00a0\u00a0se\u00a0\u00a0han\u00a0\u00a0impartido\u00a0\u00a0talleres\u00a0\u00a0en\u00a0\u00a0la\u00a0\u00a0prevenci\u00f3n de la violencia de g\u00e9nero, capacitando a miles de militares en el Observatorio para la Igualdad entre Mujeres y Hombres en el Ej\u00e9rcito y Fuerza A\u00e9rea Mexicanos.\u00a0<\/li>\n\n\n\n<li>Mejora del desempe\u00f1o y trabajo en equipo: Analizar la cultura laboral permite identificar \u00e1reas de mejora. Capacitar al personal no solo aumenta su especializaci\u00f3n, sino tambi\u00e9n su flexibilidad en las tareas. Adem\u00e1s, fomenta la creaci\u00f3n de equipos de trabajo m\u00e1s eficientes y promueve la seguridad y autoestima de los trabajadores. A trav\u00e9s de programas de desarrollo profesional y personal tendientes a una capacitaci\u00f3n continua, se busca fortalecer las competencias y habilidades de cada miembro, promoviendo una cultura de excelencia y servicio.<\/li>\n<\/ol>\n\n\n\n<p>B.&nbsp;&nbsp;&nbsp;&nbsp;&nbsp;&nbsp;&nbsp;&nbsp;Valores y principios:&nbsp;<\/p>\n\n\n\n<p>Esta instituci\u00f3n se rige por valores y virtudes castrenses, as\u00ed como principios como la honestidad, legalidad, transparencia, imparcialidad, disciplina y respeto a los derechos humanos. Estos valores se manifiestan en el d\u00eda a d\u00eda a trav\u00e9s de la conducta de sus miembros, quienes deben actuar con integridad y compromiso hacia la naci\u00f3n. La disciplina y el liderazgo son fundamentales, promoviendo un ambiente de trabajo donde la eficiencia y la preparaci\u00f3n continua son prioritarias. Adem\u00e1s, se enfoca en la igualdad de g\u00e9nero y el bienestar del personal, asegurando un entorno laboral justo y equitativo. Tambi\u00e9n fomenta la innovaci\u00f3n y la adaptaci\u00f3n a los cambios, reconociendo la importancia de estar preparados para enfrentar los desaf\u00edos del futuro.&nbsp;<\/p>\n\n\n\n<p>C.&nbsp;&nbsp;&nbsp;&nbsp;&nbsp;&nbsp;&nbsp;&nbsp;Jerarqu\u00eda y estructura:&nbsp;<\/p>\n\n\n\n<p>Se&nbsp;&nbsp;encuentra&nbsp;&nbsp;estructurada&nbsp;&nbsp;jer\u00e1rquicamente&nbsp;&nbsp;con&nbsp;&nbsp;el&nbsp;&nbsp;Presidente&nbsp;&nbsp;de&nbsp;&nbsp;la&nbsp;&nbsp;Rep\u00fablica&nbsp;&nbsp;como&nbsp;&nbsp;Comandante&nbsp;&nbsp;Supremo,&nbsp;&nbsp;seguido&nbsp;&nbsp;por&nbsp;&nbsp;el&nbsp;&nbsp;Secretario&nbsp;&nbsp;de&nbsp;&nbsp;la&nbsp;&nbsp;Defensa&nbsp;&nbsp;Nacional.&nbsp;&nbsp;Las&nbsp;&nbsp;jerarqu\u00edas&nbsp;&nbsp;militares&nbsp;&nbsp;incluyen&nbsp;Generales&nbsp;&nbsp;(General&nbsp;&nbsp;de&nbsp;&nbsp;Divisi\u00f3n,&nbsp;&nbsp;General&nbsp;&nbsp;de&nbsp;&nbsp;Brigada,&nbsp;&nbsp;General&nbsp;&nbsp;Brigadier),&nbsp;&nbsp;Jefes&nbsp;&nbsp;(Coronel,&nbsp;&nbsp;Teniente&nbsp;Coronel,&nbsp;&nbsp;Mayor),&nbsp;&nbsp;Oficiales&nbsp;&nbsp;(Capit\u00e1n,&nbsp;&nbsp;Teniente,&nbsp;&nbsp;Subteniente)&nbsp;&nbsp;y&nbsp;&nbsp;Tropa&nbsp;&nbsp;(Sargento,&nbsp;&nbsp;Cabo,&nbsp;&nbsp;Soldado).&nbsp;&nbsp;La&nbsp;estructura&nbsp;&nbsp;organizacional&nbsp;&nbsp;se&nbsp;&nbsp;compone&nbsp;&nbsp;de&nbsp;&nbsp;diversas&nbsp;&nbsp;\u00e1reas:&nbsp;&nbsp;Dependencias,&nbsp;&nbsp;Unidades&nbsp;&nbsp;e&nbsp;&nbsp;Instalaciones.&nbsp;&nbsp;Estos&nbsp;&nbsp;niveles&nbsp;&nbsp;jer\u00e1rquicos&nbsp;&nbsp;se&nbsp;&nbsp;relacionan&nbsp;&nbsp;mediante&nbsp;&nbsp;una&nbsp;&nbsp;cadena&nbsp;&nbsp;de&nbsp;&nbsp;mando&nbsp;&nbsp;clara&nbsp;&nbsp;y&nbsp;&nbsp;definida,&nbsp;&nbsp;asegurando&nbsp;&nbsp;la coordinaci\u00f3n y eficiencia en las operaciones diarias.&nbsp;<\/p>\n\n\n\n<p>D.&nbsp;&nbsp;&nbsp;&nbsp;&nbsp;&nbsp;&nbsp;&nbsp;Comunicaci\u00f3n:<\/p>\n\n\n\n<p>Para&nbsp;&nbsp;efectuar&nbsp;&nbsp;sus&nbsp;&nbsp;labores&nbsp;&nbsp;se&nbsp;&nbsp;utilizan&nbsp;&nbsp;canales&nbsp;&nbsp;de&nbsp;&nbsp;comunicaci\u00f3n&nbsp;&nbsp;formales,&nbsp;&nbsp;como&nbsp;&nbsp;oficios,&nbsp;&nbsp;correos&nbsp;electr\u00f3nicos&nbsp;&nbsp;oficiales&nbsp;&nbsp;y&nbsp;&nbsp;reuniones&nbsp;&nbsp;programadas,&nbsp;&nbsp;para&nbsp;&nbsp;asegurar&nbsp;&nbsp;la&nbsp;&nbsp;claridad&nbsp;&nbsp;y&nbsp;&nbsp;la&nbsp;&nbsp;precisi\u00f3n&nbsp;&nbsp;en&nbsp;&nbsp;la&nbsp;&nbsp;transmisi\u00f3n&nbsp;&nbsp;de&nbsp;&nbsp;informaci\u00f3n.&nbsp;&nbsp;Adem\u00e1s,&nbsp;&nbsp;existen&nbsp;&nbsp;canales&nbsp;&nbsp;informales,&nbsp;&nbsp;como&nbsp;&nbsp;conversaciones&nbsp;&nbsp;cara&nbsp;&nbsp;a&nbsp;&nbsp;cara&nbsp;&nbsp;y&nbsp;mensajes&nbsp;&nbsp;instant\u00e1neos,&nbsp;&nbsp;que&nbsp;&nbsp;facilitan&nbsp;&nbsp;una&nbsp;&nbsp;comunicaci\u00f3n&nbsp;&nbsp;m\u00e1s&nbsp;&nbsp;r\u00e1pida&nbsp;&nbsp;y&nbsp;&nbsp;accesible.&nbsp;&nbsp;Estos&nbsp;&nbsp;canales&nbsp;formales&nbsp;&nbsp;e&nbsp;&nbsp;informales&nbsp;&nbsp;influyen&nbsp;&nbsp;positivamente&nbsp;&nbsp;en&nbsp;&nbsp;el&nbsp;&nbsp;clima&nbsp;&nbsp;laboral&nbsp;&nbsp;al&nbsp;&nbsp;promover&nbsp;&nbsp;la&nbsp;&nbsp;transparencia,&nbsp;&nbsp;la&nbsp;&nbsp;colaboraci\u00f3n&nbsp;&nbsp;y&nbsp;&nbsp;la&nbsp;&nbsp;eficiencia&nbsp;&nbsp;en&nbsp;&nbsp;las&nbsp;&nbsp;operaciones militares diarias.&nbsp;<\/p>\n\n\n\n<p>E.&nbsp;&nbsp;&nbsp;&nbsp;&nbsp;&nbsp;&nbsp;&nbsp;Desarrollo profesional y recompensas:<\/p>\n\n\n\n<p>Para implementar un clima laboral exitoso, se ha establecido un robusto sistema de desarrollo profesional respaldado por un s\u00f3lido Sistema Educativo Militar. Este sistema incluye instituciones destacadas como el Heroico Colegio Militar, el Colegio del Aire, el Centro de Estudios del Ej\u00e9rcito y Fuerza A\u00e9rea Mexicanos, la Escuela Superior de Guerra y el Colegio de Defensa Nacional. Estas instituciones, junto con diversos cursos de capacitaci\u00f3n y perfeccionamiento, est\u00e1n dise\u00f1adas para desarrollar conocimientos human\u00edsticos, militares, cient\u00edficos y t\u00e9cnicos.<\/p>\n\n\n\n<p>Adem\u00e1s, se ofrecen oportunidades de crecimiento mediante programas de formaci\u00f3n continua, ascensos basados en m\u00e9ritos y la posibilidad de participar en misiones internacionales. Esto permite a los miembros avanzar en sus carreras y adquirir nuevas habilidades, sin distinci\u00f3n de g\u00e9nero. Tambi\u00e9n se implementa un sistema de reconocimientos y recompensas para motivar y valorar al personal militar, que incluye condecoraciones y menciones honor\u00edficas por actos sobresalientes en el desempe\u00f1o de sus funciones conforme a la Ley de Ascensos y Recompensas del Ej\u00e9rcito y Fuerza A\u00e9rea Mexicanos.<\/p>\n\n\n\n<p>Se otorgan beneficios de la seguridad social militar, con compensaciones econ\u00f3micas y beneficios adicionales como seguros de vida y fondos de ahorro. Estos incentivos no solo reconocen el esfuerzo y la dedicaci\u00f3n del personal, sino que tambi\u00e9n fomentan un ambiente de trabajo positivo y comprometido.<\/p>\n\n\n\n<p>F.&nbsp;&nbsp;&nbsp;&nbsp;&nbsp;&nbsp;&nbsp;&nbsp;Pol\u00edticas laborales:&nbsp;<\/p>\n\n\n\n<p>El&nbsp;&nbsp;Alto&nbsp;&nbsp;Mando&nbsp;&nbsp;implementa&nbsp;&nbsp;pol\u00edticas&nbsp;&nbsp;laborales&nbsp;&nbsp;espec\u00edficas&nbsp;&nbsp;que&nbsp;&nbsp;incluyen&nbsp;&nbsp;horarios&nbsp;&nbsp;de&nbsp;&nbsp;trabajo&nbsp;&nbsp;estructurados&nbsp;&nbsp;para&nbsp;&nbsp;asegurar&nbsp;&nbsp;la&nbsp;&nbsp;eficiencia&nbsp;&nbsp;operativa,&nbsp;&nbsp;permisos&nbsp;&nbsp;y&nbsp;&nbsp;licencias&nbsp;&nbsp;para&nbsp;&nbsp;atender&nbsp;&nbsp;necesidades&nbsp;&nbsp;personales&nbsp;&nbsp;y&nbsp;&nbsp;familiares,&nbsp;&nbsp;y&nbsp;&nbsp;estrictas&nbsp;&nbsp;normas&nbsp;&nbsp;de&nbsp;&nbsp;seguridad&nbsp;&nbsp;y&nbsp;&nbsp;salud&nbsp;&nbsp;laboral&nbsp;&nbsp;para&nbsp;&nbsp;proteger&nbsp;&nbsp;a&nbsp;&nbsp;su&nbsp;&nbsp;personal.&nbsp;&nbsp;Promueve&nbsp;&nbsp;la&nbsp;&nbsp;igualdad&nbsp;&nbsp;de&nbsp;&nbsp;oportunidades&nbsp;&nbsp;mediante&nbsp;&nbsp;pol\u00edticas&nbsp;&nbsp;de&nbsp;&nbsp;equidad&nbsp;&nbsp;de&nbsp;&nbsp;g\u00e9nero,&nbsp;&nbsp;mantiene&nbsp;una&nbsp;&nbsp;disciplina&nbsp;&nbsp;rigurosa&nbsp;&nbsp;para&nbsp;&nbsp;asegurar&nbsp;&nbsp;el&nbsp;&nbsp;cumplimiento&nbsp;&nbsp;de&nbsp;&nbsp;sus&nbsp;&nbsp;misiones,&nbsp;&nbsp;y&nbsp;&nbsp;ofrece&nbsp;&nbsp;al&nbsp;&nbsp;finalizar&nbsp;&nbsp;su&nbsp;tiempo&nbsp;&nbsp;de&nbsp;&nbsp;servicio&nbsp;&nbsp;un&nbsp;&nbsp;sistema&nbsp;&nbsp;de&nbsp;&nbsp;jubilaci\u00f3n que garantiza el bienestar de sus miembros y las familias.&nbsp;<\/p>\n\n\n\n<figure class=\"wp-block-image size-large\"><img loading=\"lazy\" decoding=\"async\" width=\"1024\" height=\"685\" src=\"https:\/\/www.clea.blog\/wp-content\/uploads\/2024\/09\/Arriaje_de_bandera_Plaza_de_la_Constitucion_Mexico-1024x685.jpg\" alt=\"\" class=\"wp-image-5850\" srcset=\"https:\/\/www.clea.blog\/wp-content\/uploads\/2024\/09\/Arriaje_de_bandera_Plaza_de_la_Constitucion_Mexico-1024x685.jpg 1024w, https:\/\/www.clea.blog\/wp-content\/uploads\/2024\/09\/Arriaje_de_bandera_Plaza_de_la_Constitucion_Mexico-300x201.jpg 300w, https:\/\/www.clea.blog\/wp-content\/uploads\/2024\/09\/Arriaje_de_bandera_Plaza_de_la_Constitucion_Mexico-768x514.jpg 768w, https:\/\/www.clea.blog\/wp-content\/uploads\/2024\/09\/Arriaje_de_bandera_Plaza_de_la_Constitucion_Mexico-1536x1028.jpg 1536w, https:\/\/www.clea.blog\/wp-content\/uploads\/2024\/09\/Arriaje_de_bandera_Plaza_de_la_Constitucion_Mexico-2048x1371.jpg 2048w\" sizes=\"auto, (max-width: 1024px) 100vw, 1024px\" \/><\/figure>\n\n\n\n<p>Conclusiones personales&nbsp;<\/p>\n\n\n\n<p>La&nbsp;&nbsp;cultura&nbsp;&nbsp;laboral&nbsp;&nbsp;de&nbsp;&nbsp;la&nbsp;&nbsp;Secretar\u00eda&nbsp;&nbsp;de&nbsp;&nbsp;la&nbsp;&nbsp;Defensa&nbsp;&nbsp;Nacional,&nbsp;&nbsp;moldeada&nbsp;&nbsp;por&nbsp;&nbsp;una&nbsp;&nbsp;rica&nbsp;&nbsp;historia&nbsp;&nbsp;y&nbsp;&nbsp;una&nbsp;&nbsp;misi\u00f3n&nbsp;&nbsp;fundamental&nbsp;&nbsp;para&nbsp;&nbsp;la&nbsp;&nbsp;seguridad&nbsp;&nbsp;nacional,&nbsp;&nbsp;se&nbsp;&nbsp;caracteriza&nbsp;&nbsp;por&nbsp;&nbsp;un&nbsp;&nbsp;s\u00f3lido&nbsp;&nbsp;entramado&nbsp;&nbsp;de&nbsp;&nbsp;valores,&nbsp;disciplinas&nbsp;&nbsp;y&nbsp;&nbsp;tradiciones.&nbsp;&nbsp;La&nbsp;&nbsp;jerarqu\u00eda,&nbsp;&nbsp;la&nbsp;&nbsp;disciplina&nbsp;&nbsp;y&nbsp;&nbsp;el&nbsp;&nbsp;compromiso&nbsp;&nbsp;con&nbsp;&nbsp;el&nbsp;&nbsp;servicio&nbsp;&nbsp;a&nbsp;&nbsp;la&nbsp;&nbsp;patria&nbsp;&nbsp;son&nbsp;&nbsp;pilares&nbsp;&nbsp;inamovibles&nbsp;&nbsp;que&nbsp;&nbsp;han&nbsp;&nbsp;forjado&nbsp;&nbsp;una&nbsp;&nbsp;identidad&nbsp;&nbsp;institucional&nbsp;&nbsp;distintiva.&nbsp;&nbsp;Sin&nbsp;&nbsp;embargo,&nbsp;&nbsp;esta&nbsp;&nbsp;cultura,&nbsp;como&nbsp;&nbsp;cualquier&nbsp;&nbsp;otra,&nbsp;&nbsp;se&nbsp;&nbsp;encuentra&nbsp;&nbsp;en&nbsp;&nbsp;constante&nbsp;&nbsp;evoluci\u00f3n,&nbsp;&nbsp;enfrentando&nbsp;&nbsp;desaf\u00edos&nbsp;&nbsp;y&nbsp;&nbsp;oportunidades&nbsp;&nbsp;en&nbsp;&nbsp;un&nbsp;&nbsp;entorno&nbsp;&nbsp;cada vez m\u00e1s complejo y din\u00e1mico.&nbsp;<\/p>\n\n\n\n<p>La&nbsp;&nbsp;Instituci\u00f3n&nbsp;&nbsp;ha&nbsp;&nbsp;demostrado&nbsp;&nbsp;una&nbsp;&nbsp;notable&nbsp;&nbsp;capacidad&nbsp;&nbsp;de&nbsp;&nbsp;adaptaci\u00f3n,&nbsp;&nbsp;implementando&nbsp;&nbsp;programas&nbsp;&nbsp;de&nbsp;&nbsp;capacitaci\u00f3n&nbsp;&nbsp;y&nbsp;&nbsp;desarrollo&nbsp;&nbsp;que&nbsp;&nbsp;fomentan&nbsp;&nbsp;la&nbsp;&nbsp;profesionalizaci\u00f3n&nbsp;&nbsp;de&nbsp;&nbsp;su&nbsp;&nbsp;personal&nbsp;&nbsp;y&nbsp;&nbsp;la&nbsp;&nbsp;adopci\u00f3n&nbsp;&nbsp;de&nbsp;&nbsp;nuevas&nbsp;&nbsp;tecnolog\u00edas.&nbsp;&nbsp;No&nbsp;&nbsp;obstante,&nbsp;&nbsp;es&nbsp;&nbsp;fundamental&nbsp;&nbsp;reconocer&nbsp;&nbsp;que&nbsp;&nbsp;la&nbsp;&nbsp;rigidez&nbsp;&nbsp;inherente&nbsp;&nbsp;a&nbsp;&nbsp;una&nbsp;&nbsp;estructura&nbsp;jer\u00e1rquica&nbsp;&nbsp;puede&nbsp;&nbsp;limitar&nbsp;&nbsp;la&nbsp;&nbsp;participaci\u00f3n&nbsp;&nbsp;en&nbsp;&nbsp;la&nbsp;&nbsp;toma&nbsp;&nbsp;de&nbsp;&nbsp;decisiones&nbsp;&nbsp;y&nbsp;&nbsp;la&nbsp;&nbsp;innovaci\u00f3n.&nbsp;&nbsp;Asimismo,&nbsp;&nbsp;el&nbsp;&nbsp;estr\u00e9s&nbsp;&nbsp;asociado&nbsp;&nbsp;a&nbsp;&nbsp;las&nbsp;&nbsp;responsabilidades&nbsp;&nbsp;intr\u00ednsecas&nbsp;&nbsp;a&nbsp;&nbsp;la&nbsp;&nbsp;funci\u00f3n&nbsp;&nbsp;militar&nbsp;&nbsp;plantea&nbsp;&nbsp;retos&nbsp;&nbsp;en&nbsp;&nbsp;materia&nbsp;&nbsp;de&nbsp;salud&nbsp;&nbsp;mental y el bienestar del personal y su familia.&nbsp;<\/p>\n\n\n\n<p>Para&nbsp;&nbsp;enfrentar&nbsp;&nbsp;estos&nbsp;&nbsp;desaf\u00edos,&nbsp;&nbsp;la&nbsp;&nbsp;SEDENA&nbsp;&nbsp;deber\u00e1&nbsp;&nbsp;continuar&nbsp;&nbsp;promoviendo&nbsp;&nbsp;una&nbsp;&nbsp;cultura&nbsp;&nbsp;de&nbsp;&nbsp;la&nbsp;&nbsp;inclusi\u00f3n&nbsp;&nbsp;y&nbsp;&nbsp;la&nbsp;&nbsp;diversidad,&nbsp;&nbsp;fomentando&nbsp;&nbsp;la&nbsp;&nbsp;comunicaci\u00f3n&nbsp;&nbsp;abierta&nbsp;&nbsp;y&nbsp;&nbsp;transparente&nbsp;&nbsp;entre&nbsp;&nbsp;todos&nbsp;&nbsp;los&nbsp;&nbsp;niveles&nbsp;&nbsp;jer\u00e1rquicos,&nbsp;&nbsp;y&nbsp;&nbsp;priorizando&nbsp;&nbsp;el&nbsp;&nbsp;equilibrio&nbsp;&nbsp;entre&nbsp;&nbsp;las&nbsp;&nbsp;demandas&nbsp;&nbsp;laborales&nbsp;&nbsp;y&nbsp;&nbsp;la&nbsp;&nbsp;vida&nbsp;&nbsp;personal&nbsp;&nbsp;de&nbsp;&nbsp;sus&nbsp;&nbsp;miembros.&nbsp;&nbsp;En&nbsp;&nbsp;este&nbsp;&nbsp;sentido,&nbsp;&nbsp;la&nbsp;&nbsp;implementaci\u00f3n&nbsp;&nbsp;de&nbsp;&nbsp;pol\u00edticas&nbsp;&nbsp;flexibles,&nbsp;&nbsp;el&nbsp;&nbsp;fomento&nbsp;&nbsp;de&nbsp;&nbsp;la&nbsp;&nbsp;participaci\u00f3n&nbsp;&nbsp;en&nbsp;&nbsp;la&nbsp;&nbsp;toma&nbsp;&nbsp;de&nbsp;&nbsp;decisiones&nbsp;&nbsp;y&nbsp;&nbsp;la&nbsp;&nbsp;inversi\u00f3n&nbsp;&nbsp;en&nbsp;&nbsp;programas&nbsp;&nbsp;de&nbsp;&nbsp;bienestar&nbsp;&nbsp;integral&nbsp;&nbsp;ser\u00e1n&nbsp;&nbsp;fundamentales&nbsp;&nbsp;para&nbsp;&nbsp;garantizar&nbsp;&nbsp;la&nbsp;&nbsp;sostenibilidad&nbsp;&nbsp;de&nbsp;&nbsp;la&nbsp;&nbsp;Instituci\u00f3n&nbsp;&nbsp;y el desarrollo profesional de su personal.&nbsp;<\/p>\n\n\n\n<p>En&nbsp;&nbsp;conclusi\u00f3n,&nbsp;&nbsp;sin&nbsp;&nbsp;duda&nbsp;&nbsp;se&nbsp;&nbsp;puede&nbsp;&nbsp;constatar&nbsp;&nbsp;que&nbsp;&nbsp;es&nbsp;&nbsp;una&nbsp;&nbsp;de&nbsp;&nbsp;las&nbsp;&nbsp;mejores&nbsp;&nbsp;dependencias&nbsp;&nbsp;gubernamentales&nbsp;&nbsp;en&nbsp;&nbsp;el&nbsp;&nbsp;pa\u00eds&nbsp;&nbsp;que&nbsp;&nbsp;tiene&nbsp;&nbsp;una&nbsp;&nbsp;cultura&nbsp;&nbsp;laboral&nbsp;&nbsp;exitosa&nbsp;&nbsp;que,&nbsp;&nbsp;inclusive,&nbsp;&nbsp;supera&nbsp;&nbsp;en&nbsp;&nbsp;muchos&nbsp;&nbsp;aspectos&nbsp;&nbsp;a&nbsp;&nbsp;la&nbsp;&nbsp;de&nbsp;&nbsp;cualquier&nbsp;&nbsp;empresa&nbsp;&nbsp;privada;&nbsp;&nbsp;la&nbsp;&nbsp;cultura&nbsp;&nbsp;laboral&nbsp;&nbsp;que&nbsp;&nbsp;se&nbsp;&nbsp;vive&nbsp;&nbsp;en&nbsp;&nbsp;el&nbsp;&nbsp;medio&nbsp;&nbsp;castrense&nbsp;&nbsp;es&nbsp;&nbsp;un&nbsp;&nbsp;reflejo&nbsp;&nbsp;de&nbsp;&nbsp;su&nbsp;&nbsp;historia&nbsp;&nbsp;y&nbsp;&nbsp;de&nbsp;&nbsp;su&nbsp;&nbsp;misi\u00f3n,&nbsp;&nbsp;pero&nbsp;&nbsp;tambi\u00e9n&nbsp;&nbsp;es&nbsp;&nbsp;un&nbsp;&nbsp;organismo&nbsp;&nbsp;vivo&nbsp;&nbsp;en&nbsp;&nbsp;constante&nbsp;&nbsp;evoluci\u00f3n.&nbsp;&nbsp;Al&nbsp;&nbsp;abordar&nbsp;&nbsp;los&nbsp;&nbsp;desaf\u00edos&nbsp;&nbsp;actuales&nbsp;&nbsp;y&nbsp;&nbsp;aprovechar&nbsp;&nbsp;las&nbsp;&nbsp;oportunidades&nbsp;&nbsp;que&nbsp;&nbsp;se&nbsp;&nbsp;presentan,&nbsp;&nbsp;la&nbsp;Instituci\u00f3n&nbsp;&nbsp;podr\u00e1&nbsp;&nbsp;consolidar&nbsp;&nbsp;su&nbsp;&nbsp;posici\u00f3n&nbsp;&nbsp;como&nbsp;&nbsp;un&nbsp;&nbsp;referente&nbsp;&nbsp;en&nbsp;&nbsp;el&nbsp;&nbsp;\u00e1mbito&nbsp;&nbsp;de&nbsp;&nbsp;la&nbsp;&nbsp;seguridad&nbsp;&nbsp;nacional,&nbsp;garantizando&nbsp;&nbsp;el&nbsp;&nbsp;bienestar&nbsp;&nbsp;de&nbsp;&nbsp;su&nbsp;&nbsp;personal&nbsp;&nbsp;y el cumplimiento de su misi\u00f3n.&nbsp;<\/p>\n\n\n\n<p>&nbsp;Referencias:&nbsp;<\/p>\n\n\n\n<p>1.&nbsp;&nbsp;&nbsp;&nbsp;&nbsp;&nbsp;&nbsp;&nbsp;Secretar\u00eda&nbsp;&nbsp;de&nbsp;&nbsp;la&nbsp;&nbsp;Defensa&nbsp;&nbsp;Nacional.&nbsp;&nbsp;(n.d.). Sitio&nbsp;&nbsp;web&nbsp;&nbsp;oficial&nbsp;&nbsp;de&nbsp;&nbsp;la&nbsp;&nbsp;SEDENA.&nbsp;&nbsp;Gobierno&nbsp;&nbsp;de M\u00e9xico. Recuperado de&nbsp;&nbsp;https:\/\/www.gob.mx\/sedena&nbsp;<\/p>\n\n\n\n<p>2.&nbsp;&nbsp;&nbsp;&nbsp;&nbsp;&nbsp;&nbsp;&nbsp;C\u00e1mara&nbsp;&nbsp;de&nbsp;&nbsp;Diputados&nbsp;&nbsp;del&nbsp;&nbsp;H.&nbsp;&nbsp;Congreso&nbsp;&nbsp;de&nbsp;&nbsp;la&nbsp;&nbsp;Uni\u00f3n.&nbsp;&nbsp;(2024). Ley&nbsp;&nbsp;Org\u00e1nica&nbsp;&nbsp;de&nbsp;&nbsp;la&nbsp;&nbsp;Administraci\u00f3n&nbsp;&nbsp;P\u00fablica&nbsp;&nbsp;Federal.&nbsp;&nbsp;Diario&nbsp;&nbsp;Oficial&nbsp;&nbsp;de&nbsp;&nbsp;la&nbsp;&nbsp;Federaci\u00f3n.&nbsp;&nbsp;Recuperado&nbsp;&nbsp;de&nbsp;http:\/\/www.diputados.gob.mx\/LeyesBiblio\/pdf\/LOAPF.pdf&nbsp;<\/p>\n\n\n\n<p>3.&nbsp;&nbsp;&nbsp;&nbsp;&nbsp;&nbsp;&nbsp;&nbsp;Secretar\u00eda&nbsp;&nbsp;de&nbsp;&nbsp;la&nbsp;&nbsp;Defensa&nbsp;&nbsp;Nacional.&nbsp;&nbsp;(2023). Reglamento&nbsp;&nbsp;Interior&nbsp;&nbsp;de&nbsp;&nbsp;la&nbsp;&nbsp;Secretar\u00eda&nbsp;&nbsp;de&nbsp;&nbsp;la&nbsp;&nbsp;Defensa&nbsp;&nbsp;Nacional.&nbsp;&nbsp;Diario&nbsp;&nbsp;Oficial&nbsp;&nbsp;de&nbsp;&nbsp;la&nbsp;&nbsp;Federaci\u00f3n.&nbsp;&nbsp;Recuperado de&nbsp;http:\/\/www.ordenjuridico.gob.mx\/Documentos\/Federal\/pdf\/wo88780.pdf&nbsp;&nbsp;&nbsp;&nbsp;&nbsp;&nbsp;&nbsp;&nbsp;&nbsp;&nbsp;<\/p>\n\n\n\n<p>4.&nbsp;&nbsp;&nbsp;&nbsp;&nbsp;&nbsp;&nbsp;&nbsp;Secretar\u00eda&nbsp;&nbsp;de&nbsp;&nbsp;la&nbsp;&nbsp;Defensa&nbsp;&nbsp;Nacional.&nbsp;&nbsp;(2024). Informe&nbsp;&nbsp;de&nbsp;&nbsp;labores&nbsp;&nbsp;de&nbsp;&nbsp;la&nbsp;&nbsp;Secretar\u00eda&nbsp;&nbsp;de&nbsp;&nbsp;la&nbsp;&nbsp;Defensa&nbsp;Nacional.&nbsp;&nbsp;Gobierno&nbsp;&nbsp;de&nbsp;&nbsp;M\u00e9xico.&nbsp;&nbsp;Recuperado de&nbsp;&nbsp;https:\/\/www.gob.mx\/sedena\/acciones-y-programas\/informe-de-labores-de-la-sedena&nbsp;&nbsp;&nbsp;&nbsp;&nbsp;&nbsp;<\/p>\n\n\n\n<p>5.&nbsp;&nbsp;&nbsp;&nbsp;&nbsp;&nbsp;&nbsp;&nbsp;Trabajar&nbsp;&nbsp;en&nbsp;&nbsp;Sedena:&nbsp;&nbsp;valoraciones&nbsp;&nbsp;de&nbsp;&nbsp;empleados.&nbsp;(n.d.). Indeed.com.&nbsp;&nbsp;Recuperado de https:\/\/es.indeed.com\/cmp\/Sedena\/reviews&nbsp;&nbsp;&nbsp;&nbsp;&nbsp;&nbsp;&nbsp;<\/p>\n\n\n\n<p>Atribuciones:<\/p>\n\n\n\n<p>Imagen: Soldados_mexicanos_Link.jpg<\/p>\n\n\n\n<p>\u00abSoldados mexicanos Link\u00bb by eeliuth is licensed under CC BY 2.0.<\/p>\n\n\n\n<p>Imagen: Arriaje_de_bandera_Plaza_de_la_Constituci\u00f3n_(M\u00e9xico)<\/p>\n\n\n\n<p>\u00abArriaje de bandera Plaza de la Constituci\u00f3n\u00bb by ProtoplasmaKid is licensed under CC BY-SA 3.0<\/p>\n","protected":false},"excerpt":{"rendered":"<p>Cultura laboral en la SEDENA: un balance entre disciplina y bienestar Autor: Mtro. Juan Carlos Casta\u00f1eda T\u00e9llez email:&nbsp;&nbsp;carlosctellez2@gmail.com&nbsp; \u201cExplorando los valores, desaf\u00edos y oportunidades de una instituci\u00f3n clave para M\u00e9xico\u201d &nbsp;Introducci\u00f3n&nbsp; La&nbsp;&nbsp;cultura&nbsp;&nbsp;laboral&nbsp;&nbsp;en&nbsp;&nbsp;cualquier&nbsp;&nbsp;instituci\u00f3n&nbsp;&nbsp;es&nbsp;&nbsp;fundamental&nbsp;&nbsp;para&nbsp;&nbsp;el&nbsp;&nbsp;buen&nbsp;&nbsp;funcionamiento&nbsp;&nbsp;y&nbsp;&nbsp;la&nbsp;&nbsp;cohesi\u00f3n&nbsp;&nbsp;entre&nbsp;&nbsp;sus&nbsp;&nbsp;miembros.&nbsp;&nbsp;En&nbsp;&nbsp;el&nbsp;&nbsp;caso&nbsp;&nbsp;de&nbsp;&nbsp;la&nbsp;&nbsp;SECRETAR\u00cdA&nbsp;&nbsp;DE&nbsp;&nbsp;LA&nbsp;&nbsp;DEFENSA&nbsp;&nbsp;NACIONAL, esta cultura se enmarca en un contexto especial.&nbsp; La&nbsp;&nbsp;SEDENA&nbsp;&nbsp;desempe\u00f1a&nbsp;&nbsp;un&nbsp;&nbsp;papel&nbsp;&nbsp;trascendental&nbsp;&nbsp;en&nbsp;&nbsp;la&nbsp;&nbsp;vida&nbsp;&nbsp;de&nbsp;&nbsp;nuestra&nbsp;&nbsp;naci\u00f3n.&nbsp;&nbsp;A&nbsp;&nbsp;trav\u00e9s&nbsp;&nbsp;de&nbsp;&nbsp;sus&nbsp;funciones&nbsp;&nbsp;y&nbsp;&nbsp;responsabilidades,&nbsp;&nbsp;contribuye&nbsp;&nbsp;a&nbsp;&nbsp;la&nbsp;&nbsp;seguridad,&nbsp;&nbsp;la&nbsp;&nbsp;estabilidad&nbsp;&nbsp;y&nbsp;&nbsp;el&nbsp;&nbsp;bienestar de los mexicanos. Aqu\u00ed est\u00e1n algunos aspectos clave:&nbsp; 1.&nbsp;&nbsp;&nbsp;&nbsp;&nbsp;&nbsp;&nbsp;&nbsp;Defensa de la integridad territorial:&nbsp; 2.&nbsp;&nbsp;&nbsp;&nbsp;&nbsp;&nbsp;&nbsp;&nbsp;Seguridad [&hellip;]<\/p>\n","protected":false},"author":1,"featured_media":5851,"comment_status":"closed","ping_status":"closed","sticky":false,"template":"","format":"standard","meta":{"footnotes":""},"categories":[15,2,20,3],"tags":[],"class_list":["post-5848","post","type-post","status-publish","format-standard","has-post-thumbnail","hentry","category-arte-y-cultura","category-educacion","category-noticias-clea","category-noticias"],"_links":{"self":[{"href":"https:\/\/www.clea.blog\/index.php?rest_route=\/wp\/v2\/posts\/5848","targetHints":{"allow":["GET"]}}],"collection":[{"href":"https:\/\/www.clea.blog\/index.php?rest_route=\/wp\/v2\/posts"}],"about":[{"href":"https:\/\/www.clea.blog\/index.php?rest_route=\/wp\/v2\/types\/post"}],"author":[{"embeddable":true,"href":"https:\/\/www.clea.blog\/index.php?rest_route=\/wp\/v2\/users\/1"}],"replies":[{"embeddable":true,"href":"https:\/\/www.clea.blog\/index.php?rest_route=%2Fwp%2Fv2%2Fcomments&post=5848"}],"version-history":[{"count":12,"href":"https:\/\/www.clea.blog\/index.php?rest_route=\/wp\/v2\/posts\/5848\/revisions"}],"predecessor-version":[{"id":5870,"href":"https:\/\/www.clea.blog\/index.php?rest_route=\/wp\/v2\/posts\/5848\/revisions\/5870"}],"wp:featuredmedia":[{"embeddable":true,"href":"https:\/\/www.clea.blog\/index.php?rest_route=\/wp\/v2\/media\/5851"}],"wp:attachment":[{"href":"https:\/\/www.clea.blog\/index.php?rest_route=%2Fwp%2Fv2%2Fmedia&parent=5848"}],"wp:term":[{"taxonomy":"category","embeddable":true,"href":"https:\/\/www.clea.blog\/index.php?rest_route=%2Fwp%2Fv2%2Fcategories&post=5848"},{"taxonomy":"post_tag","embeddable":true,"href":"https:\/\/www.clea.blog\/index.php?rest_route=%2Fwp%2Fv2%2Ftags&post=5848"}],"curies":[{"name":"wp","href":"https:\/\/api.w.org\/{rel}","templated":true}]}}