{"id":5911,"date":"2025-07-11T20:41:39","date_gmt":"2025-07-12T02:41:39","guid":{"rendered":"https:\/\/www.clea.blog\/?p=5911"},"modified":"2025-07-11T20:42:18","modified_gmt":"2025-07-12T02:42:18","slug":"masas-de-aire-y-frentes-frios-implicaciones-en-la-gestion-de-riesgos-meteorologicos","status":"publish","type":"post","link":"https:\/\/www.clea.blog\/?p=5911","title":{"rendered":"Masas de aire y frentes fr\u00edos: implicaciones en la gesti\u00f3n de riesgos meteorol\u00f3gicos."},"content":{"rendered":"\n<p class=\"has-text-align-right\"><strong>Autor: Mtro. Juan Carlos Casta\u00f1eda T\u00e9llez<\/strong><br><strong>jcastaneda@clea.edu.mx<\/strong><\/p>\n\n\n\n<p class=\"has-text-align-left\">La atm\u00f3sfera es un sistema din\u00e1mico donde la interacci\u00f3n de grandes vol\u00famenes de aire, conocidos como masas de aire, juega un papel fundamental en la configuraci\u00f3n de los patrones meteorol\u00f3gicos. Comprender su comportamiento y la formaci\u00f3n de frentes fr\u00edos es esencial, no solo desde una perspectiva cient\u00edfica, sino tambi\u00e9n para desarrollar estrategias efectivas de gesti\u00f3n de riesgos ante los fen\u00f3menos meteorol\u00f3gicos adversos que estas interacciones pueden generar. Esta publicaci\u00f3n explora la naturaleza de las masas de aire y los frentes, destacando su relevancia en la prevenci\u00f3n y mitigaci\u00f3n de desastres naturales.<br>\u00a0<br><strong>Fundamentos de las masas de aire<\/strong><\/p>\n\n\n\n<p class=\"has-text-align-left\">Las masas de aire son vastas porciones de la atm\u00f3sfera, con extensiones de millones de kil\u00f3metros cuadrados, que presentan propiedades f\u00edsicas (densidad, temperatura, humedad) relativamente uniformes. Como se\u00f1ala el Dr. Ra\u00fal Roberto Podest\u00e1 en su obra\u00a0<em>Meteorolog\u00eda F\u00edsica<\/em>\u00a0(2014), estas homogeneidades se desarrollan cuando el aire permanece estacionado durante d\u00edas o semanas sobre una gran regi\u00f3n con caracter\u00edsticas superficiales uniformes.<\/p>\n\n\n\n<p class=\"has-text-align-left\">Desde el punto de vista t\u00e9rmico, las masas de aire se clasifican en fr\u00edas y c\u00e1lidas. Las masas fr\u00edas tienen una temperatura inferior a la del suelo sobre el que se desplazan o a la de las masas de aire adyacentes. Por el contrario, las masas c\u00e1lidas poseen una temperatura superior a la de la superficie o a la de las masas circundantes. Es importante destacar que estas propiedades pueden modificarse a medida que la masa de aire se desplaza, un proceso influenciado por la ruta y el tiempo de recorrido, lo que determina su \u00abedad\u00bb y su evoluci\u00f3n.<\/p>\n\n\n\n<p class=\"has-text-align-left\"><strong>Regiones generadoras y clasificaci\u00f3n<\/strong><\/p>\n\n\n\n<p class=\"has-text-align-left\">En M\u00e9xico, la interacci\u00f3n de diversas masas de aire es determinante para la variabilidad clim\u00e1tica y los fen\u00f3menos extremos. Entre las m\u00e1s influyentes se encuentran la masa de aire polar continental y la polar mar\u00edtima, que ingresan desde el norte durante la temporada invernal asociadas a frentes fr\u00edos. Estas masas provocan descensos bruscos de temperatura, heladas severas e incluso nevadas en zonas monta\u00f1osas del norte y centro del pa\u00eds, con impactos notables en la salud p\u00fablica, agricultura y transporte. En contraste, durante el verano domina la masa de aire tropical mar\u00edtima, c\u00e1lida y h\u00fameda, que favorece la formaci\u00f3n de tormentas y ciclones tropicales en las regiones del Golfo de M\u00e9xico y el Pac\u00edfico.<\/p>\n\n\n\n<p class=\"has-text-align-left\">La interacci\u00f3n entre estas masas y la topograf\u00eda nacional intensifica los efectos, por ejemplo, generando lluvias orogr\u00e1ficas o eventos convectivos severos. Por ello, comprender su origen en anticiclones \u2014como el Anticicl\u00f3n de las Azores o el anticicl\u00f3n polar canadiense\u2014 y su comportamiento al desplazarse sobre el territorio es clave para anticipar escenarios de riesgo, emitir alertas oportunas y reducir vulnerabilidades en sectores cr\u00edticos como la agricultura, la aviaci\u00f3n y la protecci\u00f3n civil.<\/p>\n\n\n\n<figure class=\"wp-block-image size-large\"><img loading=\"lazy\" decoding=\"async\" width=\"1024\" height=\"576\" src=\"https:\/\/www.clea.blog\/wp-content\/uploads\/2025\/07\/frente-frio-1-provocara-lluvias-en-Mexico-1024x576.jpg\" alt=\"\" class=\"wp-image-5913\" srcset=\"https:\/\/www.clea.blog\/wp-content\/uploads\/2025\/07\/frente-frio-1-provocara-lluvias-en-Mexico-1024x576.jpg 1024w, https:\/\/www.clea.blog\/wp-content\/uploads\/2025\/07\/frente-frio-1-provocara-lluvias-en-Mexico-300x169.jpg 300w, https:\/\/www.clea.blog\/wp-content\/uploads\/2025\/07\/frente-frio-1-provocara-lluvias-en-Mexico-768x432.jpg 768w, https:\/\/www.clea.blog\/wp-content\/uploads\/2025\/07\/frente-frio-1-provocara-lluvias-en-Mexico-1536x864.jpg 1536w, https:\/\/www.clea.blog\/wp-content\/uploads\/2025\/07\/frente-frio-1-provocara-lluvias-en-Mexico-747x420.jpg 747w, https:\/\/www.clea.blog\/wp-content\/uploads\/2025\/07\/frente-frio-1-provocara-lluvias-en-Mexico-640x360.jpg 640w, https:\/\/www.clea.blog\/wp-content\/uploads\/2025\/07\/frente-frio-1-provocara-lluvias-en-Mexico-681x383.jpg 681w, https:\/\/www.clea.blog\/wp-content\/uploads\/2025\/07\/frente-frio-1-provocara-lluvias-en-Mexico.jpg 1600w\" sizes=\"auto, (max-width: 1024px) 100vw, 1024px\" \/><figcaption class=\"wp-element-caption\">xr:d:DAFMyDEWKLY:21,j:36453726717,t:22092716<\/figcaption><\/figure>\n\n\n\n<p class=\"has-text-align-left\">La clasificaci\u00f3n de las masas de aire se basa en dos criterios principales: las propiedades del suelo de su zona de origen y las propiedades del suelo sobre el cual se deslizan. As\u00ed, encontramos distinciones como: Masa de aire tropical: aire c\u00e1lido proveniente de regiones subtropicales o tropicales, situado en el lado ecuatorial del frente polar.<br>\u00a0<br>Masa de aire polar: aire fr\u00edo que, a pesar de su nombre, no siempre se origina en las regiones polares, sino que puede venir de zonas subtropicales, ubic\u00e1ndose en el lado polar del frente.<\/p>\n\n\n\n<p class=\"has-text-align-left\">En la tabla a continuaci\u00f3n se detallan las principales caracter\u00edsticas de las masas de aire, destacando sus propiedades t\u00e9rmicas y de humedad, que son clave para evaluar su potencial impacto en la gesti\u00f3n de riesgos:<\/p>\n\n\n\n<figure class=\"wp-block-table\"><table class=\"has-fixed-layout\"><tbody><tr><td><strong>Masa de aire<\/strong><\/td><td><strong>S\u00edmbolo<\/strong><\/td><td><strong>Temperatura (\u00baC)<\/strong><\/td><td><strong>Propiedades<\/strong><\/td><\/tr><tr><td>\u00c1rtica continental<\/td><td>Ac<\/td><td>-55 a -35<\/td><td>Muy fr\u00eda, muy seca, muy estable.<\/td><\/tr><tr><td>Polar continental (invierno)<\/td><td>Pc<\/td><td>-35 a -20<\/td><td>Fr\u00eda, seca y muy estable.<\/td><\/tr><tr><td>Polar continental (verano)<\/td><td>Pc<\/td><td>5 a 15<\/td><td>Fr\u00eda, seca y estable.<\/td><\/tr><tr><td>Polar mar\u00edtima (invierno)<\/td><td>Pm<\/td><td>0 a 10<\/td><td>Fresca, h\u00fameda e inestable.<\/td><\/tr><tr><td>Polar mar\u00edtima (verano)<\/td><td>Pm<\/td><td>2 a 14<\/td><td>Fresca, h\u00fameda e inestable.<\/td><\/tr><tr><td>Tropical continental<\/td><td>Tc<\/td><td>30 a 42<\/td><td>C\u00e1lida, seca e inestable.<\/td><\/tr><tr><td>Tropical mar\u00edtima (verano)<\/td><td>Tm<\/td><td>22 a 30<\/td><td>C\u00e1lida, h\u00fameda, estabilidad variable.<\/td><\/tr><tr><td>Ecuatorial mar\u00edtima<\/td><td>Em<\/td><td>Aprox. 27<\/td><td>C\u00e1lida, muy h\u00fameda e inestable.<\/td><\/tr><\/tbody><\/table><\/figure>\n\n\n\n<p class=\"has-text-align-left\"><strong>La formaci\u00f3n de frentes: puntos cr\u00edticos en la gesti\u00f3n de riesgos<\/strong><\/p>\n\n\n\n<p class=\"has-text-align-left\">Las l\u00edneas imaginarias que separan diferentes masas de aire se denominan frentes. Un frente es la intersecci\u00f3n de una superficie frontal (la cual separa dos masas de aire de distintas densidades) con el suelo. La interacci\u00f3n de estas masas de aire con temperaturas contrastantes es el origen de la mayor\u00eda de los fen\u00f3menos meteorol\u00f3gicos significativos, especialmente en latitudes medias como la nuestra.<\/p>\n\n\n\n<p class=\"has-text-align-left\">Un frente se caracteriza por:<br>Una zona frontal que separa masas de aire de diferente densidad, con cambios perceptibles en temperatura y humedad.<br>Un cambio r\u00e1pido en la direcci\u00f3n del viento y una regi\u00f3n de fuerte confluencia.<br>Un pliegue en las isobaras, con el v\u00e9rtice apuntando hacia las bajas presiones.<\/p>\n\n\n\n<p class=\"has-text-align-left\">La asociaci\u00f3n con nubosidad extensa y precipitaciones, que suelen ocurrir predominantemente en el lado fr\u00edo del frente.<br>La forma geom\u00e9trica de un frente a menudo se asemeja a una onda, que se origina s\u00fabitamente, crece en tama\u00f1o y luego se disipa gradualmente.<\/p>\n\n\n\n<p class=\"has-text-align-left\"><span class=\"td_text_columns_two_cols\"><\/span><\/p>\n\n\n\n<p class=\"has-text-align-left\"><strong>Tipos de frentes y su impacto en la gesti\u00f3n de riesgos<\/strong><\/p>\n\n\n\n<p class=\"has-text-align-left\">La clasificaci\u00f3n de los frentes es crucial para prever los fen\u00f3menos meteorol\u00f3gicos asociados:<\/p>\n\n\n\n<p class=\"has-text-align-left\">Frente fr\u00edo: se forma cuando una masa de aire fr\u00edo, m\u00e1s densa, avanza hacia el ecuador, insert\u00e1ndose como una cu\u00f1a bajo el aire c\u00e1lido y forz\u00e1ndolo a elevarse. La pendiente de un frente fr\u00edo es m\u00e1s abrupta que la de un frente c\u00e1lido, lo que a menudo resulta en el levantamiento r\u00e1pido del aire c\u00e1lido y la formaci\u00f3n de nubes cumuliformes intensas, como cumulonimbus. Esto se traduce en tormentas severas, chubascos intensos, granizo y rachas de viento fuertes, fen\u00f3menos que representan riesgos significativos para la poblaci\u00f3n, la infraestructura y las actividades agr\u00edcolas.<\/p>\n\n\n\n<p class=\"has-text-align-left\">Un claro ejemplo del impacto de un frente fr\u00edo se observa anualmente en la Pen\u00ednsula de Yucat\u00e1n. Durante la temporada de frentes fr\u00edos (com\u00fanmente de octubre a marzo), la llegada de masas de aire polar continental o polar mar\u00edtima desde el norte de Am\u00e9rica genera descensos significativos de temperatura, vientos fuertes conocidos como \u00abNortes\u00bb, y lluvias.<\/p>\n\n\n\n<p class=\"has-text-align-left\">En diciembre de 2023, la Pen\u00ednsula experiment\u00f3 la entrada del Frente Fr\u00edo No. 19. Este sistema provoc\u00f3 lluvias torrenciales en zonas costeras de Yucat\u00e1n y Quintana Roo, adem\u00e1s de un marcado descenso t\u00e9rmico que llev\u00f3 a la activaci\u00f3n de albergues temporales en municipios como M\u00e9rida. La Coordinaci\u00f3n Estatal de Protecci\u00f3n Civil (PROCIVY) en Yucat\u00e1n, en coordinaci\u00f3n con las unidades municipales, emiti\u00f3 boletines de alerta con antelaci\u00f3n, habilit\u00f3 refugios y realiz\u00f3 recorridos de monitoreo para asistir a la poblaci\u00f3n m\u00e1s vulnerable, especialmente a personas en situaci\u00f3n de calle y a quienes viv\u00edan en viviendas precarias, brindando cobijo y bebidas calientes. Este tipo de acciones proactivas minimiza riesgos de hipotermia y da\u00f1os por vientos.<\/p>\n\n\n\n<p class=\"has-text-align-left\">Frente c\u00e1lido: en este caso, el aire c\u00e1lido, m\u00e1s ligero, se desplaza hacia los polos, ascendiendo suavemente sobre la pendiente formada por el aire fr\u00edo. Esto tiende a generar nubes estratiformes y precipitaciones m\u00e1s generalizadas y de menor intensidad, como lloviznas o nevadas persistentes, pero aun as\u00ed pueden contribuir a inundaciones por acumulaci\u00f3n de agua o dificultades en el transporte.<br>\u00a0<br>Frente polar es particularmente relevante, ya que su posici\u00f3n y ondulaciones, influenciadas por la estaci\u00f3n del a\u00f1o, determinan en gran medida la tendencia meteorol\u00f3gica de las regiones templadas. El choque de masas de aire fuera del cintur\u00f3n ecuatorial da origen a la borrasca extratropical, un cicl\u00f3n que cuenta con dos frentes, donde el aire del sector c\u00e1lido asciende sobre la cu\u00f1a fr\u00eda, enfri\u00e1ndose adiab\u00e1ticamente y provocando una amplia gama de fen\u00f3menos meteorol\u00f3gicos adversos.<br>\u00a0<\/p>\n\n\n<div class=\"wp-block-image\">\n<figure class=\"aligncenter size-full\"><img loading=\"lazy\" decoding=\"async\" width=\"720\" height=\"540\" src=\"https:\/\/www.clea.blog\/wp-content\/uploads\/2025\/07\/FRENTE-FRIO-No.-19.jpg\" alt=\"\" class=\"wp-image-5912\" srcset=\"https:\/\/www.clea.blog\/wp-content\/uploads\/2025\/07\/FRENTE-FRIO-No.-19.jpg 720w, https:\/\/www.clea.blog\/wp-content\/uploads\/2025\/07\/FRENTE-FRIO-No.-19-300x225.jpg 300w, https:\/\/www.clea.blog\/wp-content\/uploads\/2025\/07\/FRENTE-FRIO-No.-19-560x420.jpg 560w, https:\/\/www.clea.blog\/wp-content\/uploads\/2025\/07\/FRENTE-FRIO-No.-19-80x60.jpg 80w, https:\/\/www.clea.blog\/wp-content\/uploads\/2025\/07\/FRENTE-FRIO-No.-19-100x75.jpg 100w, https:\/\/www.clea.blog\/wp-content\/uploads\/2025\/07\/FRENTE-FRIO-No.-19-180x135.jpg 180w, https:\/\/www.clea.blog\/wp-content\/uploads\/2025\/07\/FRENTE-FRIO-No.-19-238x178.jpg 238w, https:\/\/www.clea.blog\/wp-content\/uploads\/2025\/07\/FRENTE-FRIO-No.-19-640x480.jpg 640w, https:\/\/www.clea.blog\/wp-content\/uploads\/2025\/07\/FRENTE-FRIO-No.-19-681x511.jpg 681w\" sizes=\"auto, (max-width: 720px) 100vw, 720px\" \/><\/figure>\n<\/div>\n\n\n<p class=\"has-text-align-left\"><br><strong>Conclusi\u00f3n: un enfoque proactivo en la gesti\u00f3n de riesgos<\/strong><\/p>\n\n\n\n<p class=\"has-text-align-left\">La din\u00e1mica de las masas de aire y la formaci\u00f3n de frentes son procesos atmosf\u00e9ricos fundamentales que, si bien son parte de la meteorolog\u00eda natural, tienen implicaciones directas y a menudo severas en la gesti\u00f3n de riesgos. Los fen\u00f3menos asociados a los frentes fr\u00edos, en particular, como tormentas el\u00e9ctricas intensas, fuertes lluvias, vientos racheados y descensos bruscos de temperatura, pueden desencadenar:<br>Inundaciones urbanas y rurales: por precipitaciones intensas.<\/p>\n\n\n\n<p class=\"has-text-align-left\">Da\u00f1os a la infraestructura: por vientos fuertes, granizo o tornados asociados a tormentas frontales.<br>Riesgos para la salud humana: por golpes de calor (masas c\u00e1lidas inestables) o hipotermia (descensos bruscos de temperatura).<br>Impactos en la agricultura: por heladas tard\u00edas o tempranas, o por anegamiento de cultivos.<br>Interrupciones en el transporte y las comunicaciones: por condiciones meteorol\u00f3gicas adversas.<\/p>\n\n\n\n<p class=\"has-text-align-left\">En M\u00e9xico, la experiencia recurrente con estos fen\u00f3menos ha impulsado un fortalecimiento de los protocolos de protecci\u00f3n civil. La colaboraci\u00f3n entre el Servicio Meteorol\u00f3gico Nacional (SMN) y las diferentes instancias de protecci\u00f3n civil (nacional, estatal y municipal) es vital. El SMN emite los pron\u00f3sticos y avisos, los cuales son utilizados por protecci\u00f3n civil para la activaci\u00f3n de planes de emergencia, la difusi\u00f3n de alertas a la poblaci\u00f3n a trav\u00e9s de diversos medios (medios de comunicaci\u00f3n, redes sociales, sistemas de alerta temprana), la habilitaci\u00f3n de refugios temporales y la movilizaci\u00f3n de equipos de respuesta. La clave reside en la anticipaci\u00f3n y la coordinaci\u00f3n interinstitucional, permitiendo a las comunidades prepararse y mitigar los impactos antes de que los fen\u00f3menos alcancen su m\u00e1xima intensidad.<\/p>\n\n\n\n<p class=\"has-text-align-left\">La capacidad de pronosticar con precisi\u00f3n el movimiento y la intensidad de las masas de aire y los frentes es, por lo tanto, una piedra angular para una gesti\u00f3n de riesgos eficaz. Esto permite a las autoridades de protecci\u00f3n civil, agricultores, gestores de recursos h\u00eddricos y la poblaci\u00f3n en general implementar medidas preventivas, como la emisi\u00f3n de alertas tempranas, la preparaci\u00f3n de planes de emergencia y la adopci\u00f3n de infraestructuras m\u00e1s resilientes.<\/p>\n\n\n\n<p class=\"has-text-align-left\">Invertir en investigaci\u00f3n meteorol\u00f3gica y en sistemas de monitoreo avanzados no es solo una cuesti\u00f3n de comprensi\u00f3n cient\u00edfica, sino una necesidad imperiosa para proteger vidas, bienes y el medio ambiente frente a la creciente variabilidad y eventos extremos del clima.<br>\u00a0<br><strong><u>BIBLIOGRAF\u00cdA.<\/u><\/strong><br>\u00a0<br>\u00a0DR.\u00a0RA\u00daL\u00a0ROBERTO\u00a0PODEST\u00c1, METEOROLOG\u00cdA F\u00cdSICA; LIADA, ESPA\u00d1A 2006.<br>\u00a0<br>MEDINA ISABEL MARIANO; METEOROLOG\u00cdA B\u00c1SICA SIN\u00d3PTICA; PARANINFO, S.A., MADRID, ESPA\u00d1A; 1976.<br>\u00a0<br>SV. MET. MIL., COMPENDIO DE APUNTES PARA EL PERSONAL DEL SERVICIO\u00a0METEOROL\u00d3GICO, SEDENA,\u00a0M\u00c9XICO,2000.<br>\u00a0<br>AKSEL WIIN NIELSEN, VOLUMEN I METEOROLOG\u00cdA SIN\u00d3PTICA PARTE III EDIT. SECRETAR\u00cdA DE LA ORGANIZACI\u00d3N METEOROL\u00d3GICA MUNDIAL, GINEBRA, SUIZA, 1991.<br><strong>\u00a0<\/strong><br><strong>\u00a0<\/strong><br><strong><u>CR\u00c9DITOS DE LAS IM\u00c1GENES:<\/u><\/strong><br>\u00a0<br>frente-frio-1-provocara-lluvias-en-Mexico.jpg<br>Foto: Cuartoscuro<br>\u00a0<br>masas-de-frente-frio.jpg<br>Foto: Conagua<br>\u00a0<br>frente-frio-no-19.jpg<br>Foto: Coordinaci\u00f3n Estatal de Protecci\u00f3n Civil (PROCIVY)<br>\u00a0<br>\u00a0<br>\u00a0<\/p>\n","protected":false},"excerpt":{"rendered":"<p>Autor: Mtro. Juan Carlos Casta\u00f1eda T\u00e9llezjcastaneda@clea.edu.mx La atm\u00f3sfera es un sistema din\u00e1mico donde la interacci\u00f3n de grandes vol\u00famenes de aire, conocidos como masas de aire, juega un papel fundamental en la configuraci\u00f3n de los patrones meteorol\u00f3gicos. Comprender su comportamiento y la formaci\u00f3n de frentes fr\u00edos es esencial, no solo desde una perspectiva cient\u00edfica, sino tambi\u00e9n [&hellip;]<\/p>\n","protected":false},"author":1,"featured_media":5914,"comment_status":"closed","ping_status":"closed","sticky":false,"template":"","format":"standard","meta":{"footnotes":""},"categories":[16,20,3],"tags":[],"class_list":["post-5911","post","type-post","status-publish","format-standard","has-post-thumbnail","hentry","category-ciencia-y-tecnologias","category-noticias-clea","category-noticias"],"_links":{"self":[{"href":"https:\/\/www.clea.blog\/index.php?rest_route=\/wp\/v2\/posts\/5911","targetHints":{"allow":["GET"]}}],"collection":[{"href":"https:\/\/www.clea.blog\/index.php?rest_route=\/wp\/v2\/posts"}],"about":[{"href":"https:\/\/www.clea.blog\/index.php?rest_route=\/wp\/v2\/types\/post"}],"author":[{"embeddable":true,"href":"https:\/\/www.clea.blog\/index.php?rest_route=\/wp\/v2\/users\/1"}],"replies":[{"embeddable":true,"href":"https:\/\/www.clea.blog\/index.php?rest_route=%2Fwp%2Fv2%2Fcomments&post=5911"}],"version-history":[{"count":1,"href":"https:\/\/www.clea.blog\/index.php?rest_route=\/wp\/v2\/posts\/5911\/revisions"}],"predecessor-version":[{"id":5915,"href":"https:\/\/www.clea.blog\/index.php?rest_route=\/wp\/v2\/posts\/5911\/revisions\/5915"}],"wp:featuredmedia":[{"embeddable":true,"href":"https:\/\/www.clea.blog\/index.php?rest_route=\/wp\/v2\/media\/5914"}],"wp:attachment":[{"href":"https:\/\/www.clea.blog\/index.php?rest_route=%2Fwp%2Fv2%2Fmedia&parent=5911"}],"wp:term":[{"taxonomy":"category","embeddable":true,"href":"https:\/\/www.clea.blog\/index.php?rest_route=%2Fwp%2Fv2%2Fcategories&post=5911"},{"taxonomy":"post_tag","embeddable":true,"href":"https:\/\/www.clea.blog\/index.php?rest_route=%2Fwp%2Fv2%2Ftags&post=5911"}],"curies":[{"name":"wp","href":"https:\/\/api.w.org\/{rel}","templated":true}]}}